{"id":23297,"date":"2025-09-04T10:24:11","date_gmt":"2025-09-04T08:24:11","guid":{"rendered":"https:\/\/www.ship2b.org\/?p=23297"},"modified":"2025-09-09T09:59:37","modified_gmt":"2025-09-09T07:59:37","slug":"agustin-vitorica-entrevista","status":"publish","type":"post","link":"https:\/\/www.ship2b.org\/ca\/actualidad\/agustin-vitorica-entrevista\/","title":{"rendered":"Agust\u00edn Vit\u00f3rica: Invertir con prop\u00f3sito es apostar por las personas y el planeta."},"content":{"rendered":"\n<p>Agust\u00edn Vit\u00f3rica, cofundador y Co-CEO de <a href=\"https:\/\/www.gawacapital.com\/es\">GAWA Capital<\/a>, fue reconocido con el <a href=\"https:\/\/www.ship2b.org\/s2b-impact-awards\/?utm_medium=email&amp;_hsenc=p2ANqtz-_sBWIvdvt2zk1AEtj5EasE0gVk8hhJh7Uy0p6ZzzH-OxRTS_6HWVshuY2TM5BQlDlcSlWahajmPt2_y2_tYZPwnrf0Gg&amp;_hsmi=2&amp;utm_content=2&amp;utm_source=hs_email\">Ship2B Impact Award 2024<\/a> en la categor\u00eda <em>Impact Champion<\/em> por su papel clave en el desarrollo de la inversi\u00f3n de impacto en Espa\u00f1a. Desde hace m\u00e1s de una d\u00e9cada, lidera una firma que ha movilizado m\u00e1s de 200 millones de euros hacia proyectos que combinan rentabilidad econ\u00f3mica con transformaci\u00f3n social y medioambiental.<\/p>\n\n\n\n<p>Pero m\u00e1s all\u00e1 de los n\u00fameros, este premio quiere destacar su <strong>compromiso personal<\/strong> con la mejora de la vida de las personas m\u00e1s vulnerables, su <strong>capacidad de innovaci\u00f3n<\/strong> al impulsar el primer veh\u00edculo de <em>blended finance<\/em> en el pa\u00eds y su <strong>contribuci\u00f3n al fortalecimiento del ecosistema<\/strong> de inversi\u00f3n de impacto.<\/p>\n\n\n\n<p>En esta entrevista, hablamos con \u00e9l no solo sobre su recorrido profesional, sino tambi\u00e9n sobre las motivaciones, aprendizajes y valores que lo han llevado a convertirse en un verdadero referente de la econom\u00eda de impacto.<\/p>\n\n\n<div class=\"gb-container gb-container-179bc625\">\n\n<div style=\"height:30px\" aria-hidden=\"true\" class=\"wp-block-spacer\"><\/div>\n\n<\/div>\n\n\n<div class=\"wp-block-group is-layout-constrained wp-block-group-is-layout-constrained\">\n<div style=\"height:30px\" aria-hidden=\"true\" class=\"wp-block-spacer\"><\/div>\n\n\n\n<p><strong><strong><strong><strong><strong>Este premio reconoce tu trayectoria como uno de los grandes impulsores de las finanzas de impacto en Espa\u00f1a. \u00bfQu\u00e9 significa para ti recibir este reconocimiento a nivel personal?<\/strong><\/strong><\/strong><\/strong><\/strong><\/p>\n\n\n\n<p>Creo que una de las caracter\u00edsticas fundamentales de un inversor de impacto es trabajar por el crecimiento del sector en su conjunto, m\u00e1s all\u00e1 de los intereses de su propia firma. Solo a trav\u00e9s de un esfuerzo colectivo lograremos que la inversi\u00f3n de impacto alcance el rigor, la escala y el reconocimiento que merece. Por ello, haber sido reconocido como Impact Champion me llena de una inmensa alegr\u00eda y gratitud ya que significa que, de alguna manera, mi empe\u00f1o en impulsar y fortalecer este ecosistema ha dado frutos. Adem\u00e1s, recibir este de Ship2B es para m\u00ed un motivo de especial orgullo, ya que ha sido una entidad pionera que crey\u00f3 en el impacto desde sus inicios y que ha marcado el camino para muchos de nosotros.<\/p>\n\n\n\n<div style=\"height:30px\" aria-hidden=\"true\" class=\"wp-block-spacer\"><\/div>\n<\/div>\n\n\n<div class=\"gb-container gb-container-d7d65906\">\n\n<p class=\"has-bondi-blue-color has-text-color has-link-color wp-elements-f876cbb5572d5b72a676765419c5b94a\">&#8220;El impacto no se construye desde el ego, sino desde la entrega&#8221;<\/p>\n\n<\/div>\n\n\n<div class=\"wp-block-group is-layout-constrained wp-block-group-is-layout-constrained\">\n<div style=\"height:30px\" aria-hidden=\"true\" class=\"wp-block-spacer\"><\/div>\n\n\n\n<p><strong><strong><strong>En tu trayectoria se nota una clara vocaci\u00f3n por generar impacto en comunidades vulnerables. \u00bfDe d\u00f3nde nace ese compromiso social? \u00bfHubo alg\u00fan momento o experiencia que marcara un antes y un despu\u00e9s?<br><\/strong><\/strong><\/strong><\/p>\n\n\n\n<p>Siempre he sentido que las comunidades vulnerables de los pa\u00edses en desarrollo enfrentan carencias que aqu\u00ed ser\u00edan impensables, incluso para las poblaciones m\u00e1s desfavorecidas. Mi inter\u00e9s y mi trabajo por brindar a nuestros hermanos de Am\u00e9rica Latina las mismas oportunidades que disfrutamos aqu\u00ed ha estado presente en mi vida desde la adolescencia. Sin embargo, el verdadero punto de inflexi\u00f3n lleg\u00f3 al concluir una etapa en mi trabajo anterior en un \u201cfamily office\u201d. Fue entonces cuando el deseo de dar un prop\u00f3sito m\u00e1s profundo a las habilidades de inversi\u00f3n que hab\u00eda adquirido a lo largo de mi carrera dej\u00f3 de ser una opci\u00f3n y se convirti\u00f3 en una necesidad vital.<\/p>\n\n\n\n<div style=\"height:30px\" aria-hidden=\"true\" class=\"wp-block-spacer\"><\/div>\n<\/div>\n\n\n\n<div class=\"wp-block-group is-layout-constrained wp-block-group-is-layout-constrained\">\n<p><strong><strong><strong><strong>Dices que te inspira reconectar con tus ra\u00edces en el norte de Espa\u00f1a. \u00bfQu\u00e9 papel juega esa conexi\u00f3n personal en tu visi\u00f3n del impacto y el prop\u00f3sito?<\/strong><\/strong><\/strong><\/strong><\/p>\n\n\n\n<p>He crecido frente al mar Cant\u00e1brico, rodeado de la naturaleza exuberante de Cantabria. Vivir en ese entorno, contemplando cada d\u00eda la belleza y la fuerza indomable de la naturaleza, te hace sentir peque\u00f1o y humilde, record\u00e1ndote que somos solo una diminuta parte de un proyecto mucho mayor que se despliega ante nosotros.<\/p>\n\n\n\n<p>La inversi\u00f3n de impacto lleg\u00f3 a mi vida como un aut\u00e9ntico regalo, fruto de ese proyecto mayor que gu\u00eda nuestras vidas. Por eso, no me percibo como un creador o fundador de nada, sino como un instrumento al servicio de la construcci\u00f3n de algo que va m\u00e1s all\u00e1 de m\u00ed y me trasciende. Y mi experiencia es que ese proyecto tiene como objetivo el amor, la empat\u00eda, la generosidad y el enfoque en la mejora de las personas que no han tenido las mismas oportunidades que nosotros. Adem\u00e1s, \u201csoltar las riendas\u201d en favor de ese proyecto, te llena de paz y te permite vivir con menos obsesi\u00f3n por el control.<\/p>\n\n\n\n<div style=\"height:30px\" aria-hidden=\"true\" class=\"wp-block-spacer\"><\/div>\n<\/div>\n\n\n\n<div class=\"wp-block-group is-layout-constrained wp-block-group-is-layout-constrained\">\n<p><strong><strong><strong><strong>GAWA Capital ha sido clave en el desarrollo del sector en nuestro pa\u00eds. \u00bfQu\u00e9 te llev\u00f3 a fundar una firma de inversi\u00f3n con prop\u00f3sito cuando a\u00fan casi no exist\u00eda este concepto en Espa\u00f1a?<\/strong><\/strong><\/strong><\/strong><\/p>\n\n\n\n<p>Antes de fundar GAWA Capital observaba durante mi \u00faltima etapa en el \u201cfamily office\u201d c\u00f3mo fondos de impacto holandeses y suizos invert\u00edan grandes sumas en Am\u00e9rica Latina. Esto me hizo reflexionar sobre el papel que Espa\u00f1a deber\u00eda asumir en la inversi\u00f3n de impacto, dada nuestra profunda hermandad con los pueblos al otro lado del oc\u00e9ano. Esa convicci\u00f3n fue compartida por todos los que iniciamos este proyecto desde sus primeros pasos. Como he comentado antes, la creaci\u00f3n de GAWA Capital no fue realmente obra m\u00eda, fue fruto de la sincronicidad de conocer a mi compa\u00f1ero Luca y de la generosidad recibida por tanta gente que se uni\u00f3 al proyecto sin pedir nada a cambio y con mucho que aportar, especialmente Eduardo Diez-Hochleitner, Antonio Garrigues Walker, Rafael Rold\u00e1n, David Jim\u00e9nez-Blanco, Santiago de Torres, Esther Gim\u00e9nez-Salinas y Alfredo Soriano.<\/p>\n\n\n\n<div style=\"height:30px\" aria-hidden=\"true\" class=\"wp-block-spacer\"><\/div>\n<\/div>\n\n\n<div class=\"gb-container gb-container-fd88172d\">\n\n<p class=\"has-bondi-blue-color has-text-color has-link-color wp-elements-795cc44585451786e41bb9d9087d1ba2\">&#8220;M\u00e1s de 300 millones invertidos con una misi\u00f3n clara: transformar vidas&#8221;<\/p>\n\n\n\n<div style=\"height:30px\" aria-hidden=\"true\" class=\"wp-block-spacer\"><\/div>\n\n<\/div>\n\n\n<div class=\"wp-block-group is-layout-constrained wp-block-group-is-layout-constrained\">\n<p><strong><strong><strong><strong><strong><strong><strong><strong><strong><strong><strong><strong>Has conseguido movilizar m\u00e1s de 200 millones de euros hacia inversiones con impacto. \u00bfQu\u00e9 aprendizajes te ha dejado este camino a la hora de equilibrar rentabilidad financiera y transformaci\u00f3n social?<\/strong><\/strong><\/strong><\/strong><\/strong><\/strong><\/strong><\/strong><\/strong><\/strong><\/strong><\/strong><\/p>\n\n\n\n<p>Ahora ya estamos por encima de los 300 millones y esperamos poder llegar a m\u00e1s de 400 cuando se complete el levantamiento de nuestro fondo Kuali. Lo que creo que es m\u00e1s importante de esa cifra es que est\u00e1 compuesta en un 80% de aportaciones de inversores privados.<\/p>\n\n\n\n<p style=\"font-size:16px\">Para atraer al inversor privado es esencial ofrecer retornos competitivos comparados con los retornos de otros fondos que no son de impacto. Es dif\u00edcil equilibrar la obtenci\u00f3n de ese retorno con la generaci\u00f3n de un alto impacto en comunidades vulnerables. Esto es especialmente cierto si la actividad del fondo se centra en cambios de los sistemas que afectan a las comunidades. En este enfoque el beneficio pasa de centrarse solo en los accionistas del fondo a centrarse en todos los actores que participan en el sistema, con la comunidad en el centro, para que haya verdadera transformaci\u00f3n del sistema. Es el cambio del sistema el que permite que el impacto permanezca a largo plazo.<\/p>\n\n\n\n<p>Para hacer posible una actuaci\u00f3n de cambio del sistema combinada con un retorno financiero competitivo se necesitan estructuras de financiaci\u00f3n combinada o \u201cblended finance\u201d.<\/p>\n\n\n\n<div style=\"height:30px\" aria-hidden=\"true\" class=\"wp-block-spacer\"><\/div>\n\n\n\n<figure class=\"wp-block-image aligncenter size-full\"><img loading=\"lazy\" decoding=\"async\" width=\"799\" height=\"533\" src=\"https:\/\/www.ship2b.org\/wp-content\/uploads\/2025\/09\/Agustin-Vitorica-1.png\" alt=\"\" class=\"wp-image-23342\" style=\"object-fit:cover\" \/><figcaption class=\"wp-element-caption\"><em>Agust\u00edn con beneficiarios de su primera inversi\u00f3n<\/em> <em>en la India<\/em><\/figcaption><\/figure>\n<\/div>\n\n\n\n<div class=\"wp-block-group is-layout-constrained wp-block-group-is-layout-constrained\">\n<p><strong><strong><strong><strong><strong><strong>Uno de los logros m\u00e1s innovadores de GAWA ha sido lanzar el primer veh\u00edculo de <em>blended finance<\/em> en Espa\u00f1a. \u00bfPor qu\u00e9 crees que este modelo es clave para escalar el impacto?<\/strong><\/strong><\/strong><\/strong><\/strong><\/strong><\/p>\n\n\n\n<p>La financiaci\u00f3n combinada o \u201cblended finance\u201d permite alinear incentivos y movilizar capital privado hacia sectores de poblaci\u00f3n o geograf\u00edas donde, de otro modo, dif\u00edcilmente entrar\u00eda. Al contar con capital catal\u00edtico de instituciones p\u00fablicas o filantr\u00f3picas, se logra reducir el riesgo percibido, aumentar el retorno esperado y generar un efecto multiplicador.<\/p>\n\n\n\n<p>En nuestro caso, los fondos de \u201cblended finance\u201d demostraron que este modelo es viable y capaz de atraer a inversores privados a gran escala dirigiendo su capital a contextos complejos, canalizando recursos hacia peque\u00f1os agricultores y emprendedores que de otra forma no hubieran accedido a financiaci\u00f3n.<\/p>\n\n\n\n<p>Pero quiz\u00e1s el componente de capital m\u00e1s importante del capital catal\u00edtico son los recursos de asistencia t\u00e9cnica, que son recursos de donaci\u00f3n. Los proyectos de asistencia t\u00e9cnica permiten financiar la transformaci\u00f3n de los actores del sistema, involucrarlos en la soluci\u00f3n, facilitando la adopci\u00f3n de las soluciones por parte de las comunidades y d\u00e1ndoles la voz para ver si el cambio deseado se est\u00e1 produciendo. Estoy convencido de que este modelo es fundamental para escalar el impacto y cerrar la brecha de financiaci\u00f3n que enfrentan las comunidades m\u00e1s vulnerables.<\/p>\n\n\n\n<p>La financiaci\u00f3n combinada es otra demostraci\u00f3n de que los recursos de donaci\u00f3n pueden trabajar junto a los recursos de inversi\u00f3n para poder llegar a m\u00e1s personas y multiplicar el impacto.<\/p>\n\n\n\n<div style=\"height:30px\" aria-hidden=\"true\" class=\"wp-block-spacer\"><\/div>\n<\/div>\n\n\n\n<div class=\"wp-block-group is-layout-constrained wp-block-group-is-layout-constrained\">\n<p><strong><strong><strong><strong><strong><strong>\u00bfQu\u00e9 te ha sorprendido m\u00e1s \u2013para bien o para mal\u2013 en estos a\u00f1os liderando el cambio desde el \u00e1mbito financiero?<\/strong><\/strong><\/strong><\/strong><\/strong><\/strong><\/p>\n\n\n\n<p>Lo que m\u00e1s me ha sorprendido positivamente es la receptividad de tantos inversores institucionales y privados, que han mostrado una genuina voluntad de apostar por el impacto. Percibo que existe un cambio cultural profundo en marcha, donde cada vez m\u00e1s capital busca no solo retorno financiero, sino tambi\u00e9n un legado positivo.<\/p>\n\n\n\n<p>En el lado menos positivo, creo que como sector es necesario emanciparse de los recursos p\u00fablicos que no sean catal\u00edticos. Muchos fondos de impacto est\u00e1n financiados en su gran mayor\u00eda por inversores p\u00fablicos no catal\u00edticos que toman el papel que debe tomar el capital privado. Por ello, no movilizan casi capital privado que es el que necesitamos movilizar para lograr enfrentar los grandes desaf\u00edos a los que se enfrenta la humanidad. Por ello, necesitamos que nuestros fondos sean financiados mayoritariamente por capital privado para lograr un sector consolidado y sostenible en el tiempo.<\/p>\n\n\n\n<div style=\"height:30px\" aria-hidden=\"true\" class=\"wp-block-spacer\"><\/div>\n<\/div>\n\n\n<div class=\"gb-container gb-container-9c3b1276\">\n\n<p class=\"has-bondi-blue-color has-text-color has-link-color wp-elements-bf644f4a1bfb55a2d91a7a38d1b7b22f\">&#8220;Espa\u00f1a tiene una oportunidad \u00fanica para liderar el impacto en Europa&#8221;<\/p>\n\n<\/div>\n\n\n<div style=\"height:30px\" aria-hidden=\"true\" class=\"wp-block-spacer\"><\/div>\n\n\n\n<div style=\"height:30px\" aria-hidden=\"true\" class=\"wp-block-spacer\"><\/div>\n\n\n\n<div class=\"wp-block-group is-layout-constrained wp-block-group-is-layout-constrained\">\n<p><strong><strong><strong><strong><strong><strong><strong><strong>M\u00e1s all\u00e1 de GAWA, tambi\u00e9n has contribuido a construir el ecosistema de inversi\u00f3n de impacto en Espa\u00f1a. \u00bfEn qu\u00e9 punto crees que estamos y qu\u00e9 nos falta a\u00fan para consolidarlo?<\/strong><\/strong><\/strong><\/strong><\/strong><\/strong><\/strong><\/strong><\/p>\n\n\n\n<p>Espa\u00f1a ha recorrido un camino extraordinario en muy poco tiempo. Hemos pasado de ser un pa\u00eds donde apenas se hablaba de inversi\u00f3n de impacto, a tener m\u00faltiples fondos, plataformas, fundaciones y redes activas en el impacto. Sin embargo, todav\u00eda falta consolidar tres aspectos clave: una mayor movilizaci\u00f3n de capital privado hacia nuestros fondos, un marco regulatorio m\u00e1s claro a nivel europeo que defina e incentive este tipo de inversiones y un verdadero despegue de la inversi\u00f3n de impacto hacia fundaciones y otros actores de la econom\u00eda social y solidaria. Creo que la pr\u00f3xima d\u00e9cada ser\u00e1 decisiva para dar ese salto y tenemos una gran oportunidad de situar a Espa\u00f1a en la vanguardia europea del impacto.<\/p>\n\n\n\n<div style=\"height:30px\" aria-hidden=\"true\" class=\"wp-block-spacer\"><\/div>\n<\/div>\n\n\n\n<div class=\"wp-block-group is-layout-constrained wp-block-group-is-layout-constrained\">\n<p><strong><strong><strong><strong><strong><strong><strong>Si tuvieras que dar un consejo a alguien que quiere emprender o invertir con impacto, \u00bfcu\u00e1l ser\u00eda?<\/strong><\/strong><\/strong><\/strong><\/strong><\/strong><\/strong><\/p>\n\n\n\n<p>Mi consejo ser\u00eda empezar por la convicci\u00f3n personal. El impacto no es solo una estrategia de inversi\u00f3n, es una manera de entender el mundo y de situar nuestras capacidades al servicio de algo mayor. Para quien emprende, es vital rodearse de un buen equipo que, idealmente, sea mejor que t\u00fa, y de aliados que compartan esa visi\u00f3n. Para quien invierte, la clave est\u00e1 en tener paciencia y entender que la inversi\u00f3n de impacto con enfoque en sistemas tarda en producir un valor econ\u00f3mico duradero para las comunidades y un retorno competitivo para los inversores.<\/p>\n\n\n\n<div style=\"height:30px\" aria-hidden=\"true\" class=\"wp-block-spacer\"><\/div>\n<\/div>\n\n\n\n<div class=\"wp-block-group is-layout-constrained wp-block-group-is-layout-constrained\">\n<p><strong><strong><strong><strong><strong><strong><strong>Y para terminar, \u00bfqu\u00e9 te motiva cada d\u00eda a seguir empujando desde el prop\u00f3sito?<\/strong><\/strong><\/strong><\/strong><\/strong><\/strong><\/strong><\/p>\n\n\n\n<p>Lo que m\u00e1s me motiva es saber que detr\u00e1s de cada decisi\u00f3n de inversi\u00f3n hay personas reales cuya vida puede mejorar. Cuando pienso en los agricultores que acceden a financiaci\u00f3n y a mejores insumos, en las familias que pueden enviar a sus hijos a la escuela o aumentan el gasto en salud porque han incrementado sus ingresos o en las comunidades que construyen resiliencia frente al cambio clim\u00e1tico y no se ven abocadas a dejar sus hogares, encuentro la energ\u00eda para seguir. Tambi\u00e9n me inspira el compromiso del equipo que me rodea y de tantos colegas en el sector, que me recuerdan que no estamos solos: formamos parte de un movimiento global que busca un futuro m\u00e1s justo y sostenible.<\/p>\n\n\n\n<div style=\"height:30px\" aria-hidden=\"true\" class=\"wp-block-spacer\"><\/div>\n\n\n\n<figure class=\"wp-block-image aligncenter size-full\"><img loading=\"lazy\" decoding=\"async\" width=\"799\" height=\"533\" src=\"https:\/\/www.ship2b.org\/wp-content\/uploads\/2025\/08\/Agustin-Vitorica-Impact-Awards-2024.jpg\" alt=\"\" class=\"wp-image-23314\" \/><figcaption class=\"wp-element-caption\"><em>Agust\u00edn Vit\u00f3rica &#8211; Ganador categor\u00eda Impact Champion | Ship2B Impact Awards<\/em> 2024<\/figcaption><\/figure>\n<\/div>\n\n\n\n<p><\/p>\n","protected":false},"excerpt":{"rendered":"<p>Agust\u00edn Vit\u00f3rica, cofundador y Co-CEO de GAWA Capital, fue reconocido con el Ship2B Impact Award 2024 en la categor\u00eda Impact Champion por su papel clave en el desarrollo de la inversi\u00f3n de impacto en Espa\u00f1a. Desde hace m\u00e1s de una d\u00e9cada, lidera una firma que ha movilizado m\u00e1s de 200 millones de euros hacia proyectos &hellip; <a href=\"https:\/\/www.ship2b.org\/ca\/actualidad\/agustin-vitorica-entrevista\/\">Read more<\/a><\/p>\n","protected":false},"author":19,"featured_media":23332,"comment_status":"open","ping_status":"open","sticky":false,"template":"","format":"standard","meta":{"_acf_changed":false,"inline_featured_image":false,"footnotes":"","_links_to":"","_links_to_target":""},"categories":[21,23,534],"tags":[],"class_list":["post-23297","post","type-post","status-publish","format-standard","has-post-thumbnail","hentry","category-ship2b","category-inversion-de-impacto","category-ship2b-impact-awards"],"acf":[],"yoast_head":"<title>Entrevista Agust\u00edn Vit\u00f3rica - Inversi\u00f3n de impacto<\/title>\n<meta name=\"description\" content=\"Entrevista a Agust\u00edn Vit\u00f3rica, referente de la inversi\u00f3n de impacto en Espa\u00f1a: prop\u00f3sito, blended finance y transformaci\u00f3n sist\u00e9mica.\" \/>\n<meta name=\"robots\" content=\"index, follow, max-snippet:-1, max-image-preview:large, max-video-preview:-1\" \/>\n<link rel=\"canonical\" href=\"https:\/\/www.ship2b.org\/actualidad\/agustin-vitorica-entrevista\/\" \/>\n<meta property=\"og:locale\" content=\"ca_ES\" \/>\n<meta property=\"og:type\" content=\"article\" \/>\n<meta property=\"og:title\" content=\"Entrevista Agust\u00edn Vit\u00f3rica - Inversi\u00f3n de impacto\" \/>\n<meta property=\"og:description\" content=\"Entrevista a Agust\u00edn Vit\u00f3rica, referente de la inversi\u00f3n de impacto en Espa\u00f1a: prop\u00f3sito, blended finance y transformaci\u00f3n sist\u00e9mica.\" \/>\n<meta property=\"og:url\" content=\"https:\/\/www.ship2b.org\/actualidad\/agustin-vitorica-entrevista\/\" \/>\n<meta property=\"og:site_name\" content=\"Ship2B Foundation\" \/>\n<meta property=\"article:published_time\" content=\"2025-09-04T08:24:11+00:00\" \/>\n<meta property=\"article:modified_time\" content=\"2025-09-09T07:59:37+00:00\" \/>\n<meta property=\"og:image\" content=\"https:\/\/www.ship2b.org\/wp-content\/uploads\/2025\/09\/Agustin-Vitorica-Blog.png\" \/>\n\t<meta property=\"og:image:width\" content=\"1920\" \/>\n\t<meta property=\"og:image:height\" content=\"960\" \/>\n\t<meta property=\"og:image:type\" content=\"image\/png\" \/>\n<meta name=\"author\" content=\"mireia\" \/>\n<meta name=\"twitter:card\" content=\"summary_large_image\" \/>\n<meta name=\"twitter:label1\" content=\"Written by\" \/>\n\t<meta name=\"twitter:data1\" content=\"mireia\" \/>\n\t<meta name=\"twitter:label2\" content=\"Est. reading time\" \/>\n\t<meta name=\"twitter:data2\" content=\"10 minutes\" \/>\n<script type=\"application\/ld+json\" class=\"yoast-schema-graph\">{\"@context\":\"https:\/\/schema.org\",\"@graph\":[{\"@type\":\"WebPage\",\"@id\":\"https:\/\/www.ship2b.org\/actualidad\/agustin-vitorica-entrevista\/\",\"url\":\"https:\/\/www.ship2b.org\/actualidad\/agustin-vitorica-entrevista\/\",\"name\":\"Entrevista Agust\u00edn Vit\u00f3rica - Inversi\u00f3n de impacto\",\"isPartOf\":{\"@id\":\"https:\/\/www.ship2b.org\/#website\"},\"primaryImageOfPage\":{\"@id\":\"https:\/\/www.ship2b.org\/actualidad\/agustin-vitorica-entrevista\/#primaryimage\"},\"image\":{\"@id\":\"https:\/\/www.ship2b.org\/actualidad\/agustin-vitorica-entrevista\/#primaryimage\"},\"thumbnailUrl\":\"https:\/\/www.ship2b.org\/wp-content\/uploads\/2025\/09\/Agustin-Vitorica-Blog.png\",\"datePublished\":\"2025-09-04T08:24:11+00:00\",\"dateModified\":\"2025-09-09T07:59:37+00:00\",\"author\":{\"@id\":\"https:\/\/www.ship2b.org\/#\/schema\/person\/6e3818c16f64bc5be32d6b952e908fe4\"},\"description\":\"Entrevista a Agust\u00edn Vit\u00f3rica, referente de la inversi\u00f3n de impacto en Espa\u00f1a: prop\u00f3sito, blended finance y transformaci\u00f3n sist\u00e9mica.\",\"breadcrumb\":{\"@id\":\"https:\/\/www.ship2b.org\/actualidad\/agustin-vitorica-entrevista\/#breadcrumb\"},\"inLanguage\":\"ca\",\"potentialAction\":[{\"@type\":\"ReadAction\",\"target\":[\"https:\/\/www.ship2b.org\/actualidad\/agustin-vitorica-entrevista\/\"]}]},{\"@type\":\"ImageObject\",\"inLanguage\":\"ca\",\"@id\":\"https:\/\/www.ship2b.org\/actualidad\/agustin-vitorica-entrevista\/#primaryimage\",\"url\":\"https:\/\/www.ship2b.org\/wp-content\/uploads\/2025\/09\/Agustin-Vitorica-Blog.png\",\"contentUrl\":\"https:\/\/www.ship2b.org\/wp-content\/uploads\/2025\/09\/Agustin-Vitorica-Blog.png\",\"width\":1920,\"height\":960},{\"@type\":\"BreadcrumbList\",\"@id\":\"https:\/\/www.ship2b.org\/actualidad\/agustin-vitorica-entrevista\/#breadcrumb\",\"itemListElement\":[{\"@type\":\"ListItem\",\"position\":1,\"name\":\"Portada\",\"item\":\"https:\/\/www.ship2b.org\/ca\/\"},{\"@type\":\"ListItem\",\"position\":2,\"name\":\"Agust\u00edn Vit\u00f3rica: Invertir con prop\u00f3sito es apostar por las personas y el planeta.\"}]},{\"@type\":\"WebSite\",\"@id\":\"https:\/\/www.ship2b.org\/#website\",\"url\":\"https:\/\/www.ship2b.org\/\",\"name\":\"Ship2B Foundation\",\"description\":\"Adventurers for a better world\",\"potentialAction\":[{\"@type\":\"SearchAction\",\"target\":{\"@type\":\"EntryPoint\",\"urlTemplate\":\"https:\/\/www.ship2b.org\/?s={search_term_string}\"},\"query-input\":{\"@type\":\"PropertyValueSpecification\",\"valueRequired\":true,\"valueName\":\"search_term_string\"}}],\"inLanguage\":\"ca\"},{\"@type\":\"Person\",\"@id\":\"https:\/\/www.ship2b.org\/#\/schema\/person\/6e3818c16f64bc5be32d6b952e908fe4\",\"name\":\"mireia\",\"image\":{\"@type\":\"ImageObject\",\"inLanguage\":\"ca\",\"@id\":\"https:\/\/www.ship2b.org\/#\/schema\/person\/image\/\",\"url\":\"https:\/\/secure.gravatar.com\/avatar\/6bb53ec179840004c28a0b3e61eddaf80c475898bb3ede4315c7c6b2cbc5589f?s=96&d=mm&r=g\",\"contentUrl\":\"https:\/\/secure.gravatar.com\/avatar\/6bb53ec179840004c28a0b3e61eddaf80c475898bb3ede4315c7c6b2cbc5589f?s=96&d=mm&r=g\",\"caption\":\"mireia\"},\"url\":\"https:\/\/www.ship2b.org\/ca\/actualidad\/author\/mireia\/\"}]}<\/script>","yoast_head_json":{"title":"Entrevista Agust\u00edn Vit\u00f3rica - Inversi\u00f3n de impacto","description":"Entrevista a Agust\u00edn Vit\u00f3rica, referente de la inversi\u00f3n de impacto en Espa\u00f1a: prop\u00f3sito, blended finance y transformaci\u00f3n sist\u00e9mica.","robots":{"index":"index","follow":"follow","max-snippet":"max-snippet:-1","max-image-preview":"max-image-preview:large","max-video-preview":"max-video-preview:-1"},"canonical":"https:\/\/www.ship2b.org\/actualidad\/agustin-vitorica-entrevista\/","og_locale":"ca_ES","og_type":"article","og_title":"Entrevista Agust\u00edn Vit\u00f3rica - Inversi\u00f3n de impacto","og_description":"Entrevista a Agust\u00edn Vit\u00f3rica, referente de la inversi\u00f3n de impacto en Espa\u00f1a: prop\u00f3sito, blended finance y transformaci\u00f3n sist\u00e9mica.","og_url":"https:\/\/www.ship2b.org\/actualidad\/agustin-vitorica-entrevista\/","og_site_name":"Ship2B Foundation","article_published_time":"2025-09-04T08:24:11+00:00","article_modified_time":"2025-09-09T07:59:37+00:00","og_image":[{"width":1920,"height":960,"url":"https:\/\/www.ship2b.org\/wp-content\/uploads\/2025\/09\/Agustin-Vitorica-Blog.png","type":"image\/png"}],"author":"mireia","twitter_card":"summary_large_image","twitter_misc":{"Written by":"mireia","Est. reading time":"10 minutes"},"schema":{"@context":"https:\/\/schema.org","@graph":[{"@type":"WebPage","@id":"https:\/\/www.ship2b.org\/actualidad\/agustin-vitorica-entrevista\/","url":"https:\/\/www.ship2b.org\/actualidad\/agustin-vitorica-entrevista\/","name":"Entrevista Agust\u00edn Vit\u00f3rica - Inversi\u00f3n de impacto","isPartOf":{"@id":"https:\/\/www.ship2b.org\/#website"},"primaryImageOfPage":{"@id":"https:\/\/www.ship2b.org\/actualidad\/agustin-vitorica-entrevista\/#primaryimage"},"image":{"@id":"https:\/\/www.ship2b.org\/actualidad\/agustin-vitorica-entrevista\/#primaryimage"},"thumbnailUrl":"https:\/\/www.ship2b.org\/wp-content\/uploads\/2025\/09\/Agustin-Vitorica-Blog.png","datePublished":"2025-09-04T08:24:11+00:00","dateModified":"2025-09-09T07:59:37+00:00","author":{"@id":"https:\/\/www.ship2b.org\/#\/schema\/person\/6e3818c16f64bc5be32d6b952e908fe4"},"description":"Entrevista a Agust\u00edn Vit\u00f3rica, referente de la inversi\u00f3n de impacto en Espa\u00f1a: prop\u00f3sito, blended finance y transformaci\u00f3n sist\u00e9mica.","breadcrumb":{"@id":"https:\/\/www.ship2b.org\/actualidad\/agustin-vitorica-entrevista\/#breadcrumb"},"inLanguage":"ca","potentialAction":[{"@type":"ReadAction","target":["https:\/\/www.ship2b.org\/actualidad\/agustin-vitorica-entrevista\/"]}]},{"@type":"ImageObject","inLanguage":"ca","@id":"https:\/\/www.ship2b.org\/actualidad\/agustin-vitorica-entrevista\/#primaryimage","url":"https:\/\/www.ship2b.org\/wp-content\/uploads\/2025\/09\/Agustin-Vitorica-Blog.png","contentUrl":"https:\/\/www.ship2b.org\/wp-content\/uploads\/2025\/09\/Agustin-Vitorica-Blog.png","width":1920,"height":960},{"@type":"BreadcrumbList","@id":"https:\/\/www.ship2b.org\/actualidad\/agustin-vitorica-entrevista\/#breadcrumb","itemListElement":[{"@type":"ListItem","position":1,"name":"Portada","item":"https:\/\/www.ship2b.org\/ca\/"},{"@type":"ListItem","position":2,"name":"Agust\u00edn Vit\u00f3rica: Invertir con prop\u00f3sito es apostar por las personas y el planeta."}]},{"@type":"WebSite","@id":"https:\/\/www.ship2b.org\/#website","url":"https:\/\/www.ship2b.org\/","name":"Ship2B Foundation","description":"Adventurers for a better world","potentialAction":[{"@type":"SearchAction","target":{"@type":"EntryPoint","urlTemplate":"https:\/\/www.ship2b.org\/?s={search_term_string}"},"query-input":{"@type":"PropertyValueSpecification","valueRequired":true,"valueName":"search_term_string"}}],"inLanguage":"ca"},{"@type":"Person","@id":"https:\/\/www.ship2b.org\/#\/schema\/person\/6e3818c16f64bc5be32d6b952e908fe4","name":"mireia","image":{"@type":"ImageObject","inLanguage":"ca","@id":"https:\/\/www.ship2b.org\/#\/schema\/person\/image\/","url":"https:\/\/secure.gravatar.com\/avatar\/6bb53ec179840004c28a0b3e61eddaf80c475898bb3ede4315c7c6b2cbc5589f?s=96&d=mm&r=g","contentUrl":"https:\/\/secure.gravatar.com\/avatar\/6bb53ec179840004c28a0b3e61eddaf80c475898bb3ede4315c7c6b2cbc5589f?s=96&d=mm&r=g","caption":"mireia"},"url":"https:\/\/www.ship2b.org\/ca\/actualidad\/author\/mireia\/"}]}},"_links":{"self":[{"href":"https:\/\/www.ship2b.org\/ca\/wp-json\/wp\/v2\/posts\/23297","targetHints":{"allow":["GET"]}}],"collection":[{"href":"https:\/\/www.ship2b.org\/ca\/wp-json\/wp\/v2\/posts"}],"about":[{"href":"https:\/\/www.ship2b.org\/ca\/wp-json\/wp\/v2\/types\/post"}],"author":[{"embeddable":true,"href":"https:\/\/www.ship2b.org\/ca\/wp-json\/wp\/v2\/users\/19"}],"replies":[{"embeddable":true,"href":"https:\/\/www.ship2b.org\/ca\/wp-json\/wp\/v2\/comments?post=23297"}],"version-history":[{"count":30,"href":"https:\/\/www.ship2b.org\/ca\/wp-json\/wp\/v2\/posts\/23297\/revisions"}],"predecessor-version":[{"id":23422,"href":"https:\/\/www.ship2b.org\/ca\/wp-json\/wp\/v2\/posts\/23297\/revisions\/23422"}],"wp:featuredmedia":[{"embeddable":true,"href":"https:\/\/www.ship2b.org\/ca\/wp-json\/wp\/v2\/media\/23332"}],"wp:attachment":[{"href":"https:\/\/www.ship2b.org\/ca\/wp-json\/wp\/v2\/media?parent=23297"}],"wp:term":[{"taxonomy":"category","embeddable":true,"href":"https:\/\/www.ship2b.org\/ca\/wp-json\/wp\/v2\/categories?post=23297"},{"taxonomy":"post_tag","embeddable":true,"href":"https:\/\/www.ship2b.org\/ca\/wp-json\/wp\/v2\/tags?post=23297"}],"curies":[{"name":"wp","href":"https:\/\/api.w.org\/{rel}","templated":true}]}}