{"id":23410,"date":"2025-11-06T09:58:26","date_gmt":"2025-11-06T08:58:26","guid":{"rendered":"https:\/\/www.ship2b.org\/?p=23410"},"modified":"2026-03-03T15:40:04","modified_gmt":"2026-03-03T14:40:04","slug":"que-significa-realmente-el-cambio-sistemico","status":"publish","type":"post","link":"https:\/\/www.ship2b.org\/en\/actualidad\/que-significa-realmente-el-cambio-sistemico\/","title":{"rendered":"\u00bfQu\u00e9 es el cambio sist\u00e9mico?"},"content":{"rendered":"\n<p>Comparte: <\/p>\n\n\n\n<ul class=\"wp-block-social-links is-layout-flex wp-block-social-links-is-layout-flex\"><li class=\"wp-social-link wp-social-link-linkedin  wp-block-social-link\"><a rel=\"noopener nofollow\" target=\"_blank\" href=\"https:\/\/www.linkedin.com\/posts\/ship2bfoundation_cambiosistaezmico-impactocolectivo-economaedadeimpacto-activity-7392133896169230338-NpGa?utm_source=share&#038;utm_medium=member_desktop&#038;rcm=ACoAACZZcO4BiDduTK9HM56TRcbBamjmf6XmUQY\" class=\"wp-block-social-link-anchor\"><svg width=\"24\" height=\"24\" viewBox=\"0 0 24 24\" version=\"1.1\" xmlns=\"http:\/\/www.w3.org\/2000\/svg\" aria-hidden=\"true\" focusable=\"false\"><path d=\"M19.7,3H4.3C3.582,3,3,3.582,3,4.3v15.4C3,20.418,3.582,21,4.3,21h15.4c0.718,0,1.3-0.582,1.3-1.3V4.3 C21,3.582,20.418,3,19.7,3z M8.339,18.338H5.667v-8.59h2.672V18.338z M7.004,8.574c-0.857,0-1.549-0.694-1.549-1.548 c0-0.855,0.691-1.548,1.549-1.548c0.854,0,1.547,0.694,1.547,1.548C8.551,7.881,7.858,8.574,7.004,8.574z M18.339,18.338h-2.669 v-4.177c0-0.996-0.017-2.278-1.387-2.278c-1.389,0-1.601,1.086-1.601,2.206v4.249h-2.667v-8.59h2.559v1.174h0.037 c0.356-0.675,1.227-1.387,2.526-1.387c2.703,0,3.203,1.779,3.203,4.092V18.338z\"><\/path><\/svg><span class=\"wp-block-social-link-label screen-reader-text\">LinkedIn<\/span><\/a><\/li>\n\n<\/ul>\n\n\n\n<div style=\"height:20px\" aria-hidden=\"true\" class=\"wp-block-spacer\"><\/div>\n\n\n\n<h2 class=\"gb-headline gb-headline-b5af6ac0 gb-headline-text\"><strong>Del Impacto Individual al Impacto Colectivo<\/strong><\/h2>\n\n\n\n<div class=\"wp-block-group is-layout-constrained wp-block-group-is-layout-constrained\">\n<p><strong>Qu\u00e9 es el cambio sist\u00e9mico<\/strong> y por qu\u00e9 es una pieza clave para afrontar los grandes retos globales son dos preguntas que cada vez nos hacemos m\u00e1s desde la econom\u00eda de impacto. Vivimos un momento en el que la crisis clim\u00e1tica, la desigualdad, el envejecimiento poblacional o los problemas de salud y vivienda se entrelazan, y aunque han surgido cientos de iniciativas de impacto social, los problemas se siguen reproduciendo.<\/p>\n\n\n\n<p>Quiz\u00e1s, porque seguimos actuando sobre los <strong>s\u00edntomas<\/strong> y no sobre las <strong>causas estructurales<\/strong>.<br>Para transformar de verdad, necesitamos cambiar el sistema.<\/p>\n\n\n\n<p>Ese es precisamente el objetivo del <strong>cambio sist\u00e9mico<\/strong>: una manera de entender el impacto que busca transformar las reglas, relaciones y narrativas que sostienen los problemas sociales y ambientales.<\/p>\n\n\n\n<p><br>Vivimos un momento en el que los grandes retos globales \u2014como la crisis clim\u00e1tica, la desigualdad, el envejecimiento poblacional o los problemas de salud y vivienda\u2014 se entrelazan y se retroalimentan. En los \u00faltimos a\u00f1os, el ecosistema de impacto ha avanzado de forma notable: cada vez m\u00e1s empresas, fundaciones e inversores orientan sus estrategias hacia la generaci\u00f3n de impacto positivo, y la <strong>inversi\u00f3n de impacto ha crecido un 21 % en los \u00faltimos cinco a\u00f1os<\/strong> (Global Impact Investing Network, 2024).<br><br>Sin embargo, los datos muestran que estos esfuerzos a\u00fan no bastan para responder a la magnitud de los desaf\u00edos. Seg\u00fan el \u00faltimo <a href=\"https:\/\/unstats.un.org\/sdgs\/report\/2025\/The-Sustainable-Development-Goals-Report-2025.pdf\">Informe sobre los ODS 2025<\/a> solo <strong>el 18 % de las metas est\u00e1n en curso de cumplirse<\/strong>, mientras que hay un <strong>65% de las metas que tienen peque\u00f1os avances o incluso un retroceso<\/strong>.<\/p>\n\n\n<div class=\"gb-container gb-container-dde14976\">\n\n<figure class=\"wp-block-image aligncenter size-full\"><img decoding=\"async\" src=\"https:\/\/www.ship2b.org\/wp-content\/uploads\/2025\/11\/Captura-de-pantalla-2025-11-03-a-las-17.16.29.png\" alt=\"\" class=\"wp-image-23423\" \/><figcaption class=\"wp-element-caption\"><em>Naciones Unidas, <em>The Sustainable Development Goals Report 2025<\/em><\/em><\/figcaption><\/figure>\n\n<\/div>\n\n\n<p><br>A esta brecha de progreso se suma una brecha de financiaci\u00f3n cada vez m\u00e1s profunda: <strong>antes de la pandemia se estimaba que se necesitaban 2,5 billones de d\u00f3lares anuales para alcanzar los ODS<\/strong>, pero hoy el d\u00e9ficit asciende a <strong>4,2 billones de d\u00f3lares<\/strong>.<\/p>\n\n\n\n<p>En palabras de muchos de los expertos reunidos en el \u00faltimo <strong>Ship2B Impact Forum<\/strong>, entre ellos <strong>Michele Giddens<\/strong>, cofundadora de Bridges Fund Management, el mensaje fue claro: <em>\u201cEstamos avanzando, pero no es suficiente. Los retos y los problemas crecen m\u00e1s r\u00e1pido que las soluciones.\u201d<\/em>Por eso, m\u00e1s que multiplicar proyectos de impacto, necesitamos una <strong>transformaci\u00f3n sist\u00e9mica<\/strong> que cambie las reglas, las relaciones y las narrativas que sostienen los problemas actuales.<br><br>En este art\u00edculo profundizamos en qu\u00e9 significa realmente el <strong>cambio sist\u00e9mico<\/strong> y por qu\u00e9 se ha convertido en una pieza clave para afrontar los grandes retos globales.<br>Para ello, contamos con las reflexiones de <strong>Guillermo Ricarte<\/strong> (<a href=\"https:\/\/www.ship2b.org\/\">Fundaci\u00f3n Ship2B<\/a>), <strong>Rosa Ricucci<\/strong> (<a href=\"https:\/\/www.ashoka.org\/es-es\">Ashoka Espa\u00f1a<\/a>), <strong>Antonio Gonz\u00e1lez<\/strong> (<a href=\"https:\/\/madrid.impacthub.net\/espacio-gobernador\/?utm_source=Google&amp;utm_medium=Paid_Search&amp;utm_campaign=pmax_eventos&amp;utm_term=gobernador&amp;utm_term=&amp;utm_campaign=&amp;utm_source=adwords&amp;utm_medium=ppc&amp;hsa_acc=9438191790&amp;hsa_cam=20336787074&amp;hsa_grp=&amp;hsa_ad=&amp;hsa_src=x&amp;hsa_tgt=&amp;hsa_kw=&amp;hsa_mt=&amp;hsa_net=adwords&amp;hsa_ver=3&amp;gad_source=1&amp;gad_campaignid=21205702921&amp;gbraid=0AAAAACUWhztyVu17d9OsJghmkmhDPmIub&amp;gclid=Cj0KCQiAiKzIBhCOARIsAKpKLAMVOr71zCqLNXKI5EyP_Sm9gGx3kFjf5OEdJhRkrJUpqWeOS_irgYwaAlI3EALw_wcB\">Impact Hub Madrid<\/a>) y <strong>Liliana Arroyo<\/strong> (<a href=\"https:\/\/www.esade.edu\/ca?_gl=1*1melkzw*_up*MQ..*_ga*MTkxOTA0MTg5OS4xNzYyMzcxNDIx*_ga_S41Q3C9XT0*czE3NjIzNzE0MjAkbzEkZzAkdDE3NjIzNzE0MjgkajUyJGwwJGgxNzMxMDI0MDYz\">Esade<\/a>), que nos ayudan a entender c\u00f3mo pasar del impacto individual al impacto colectivo.<\/p>\n<\/div>\n\n\n<div class=\"gb-container gb-container-d7d65906\">\n\n<p class=\"has-bondi-blue-color has-text-color has-link-color wp-elements-09b0a1a81ffcd8a8bbed0f96829620b5\">\u201cEl cambio sist\u00e9mico no busca aliviar los s\u00edntomas, sino actuar sobre las causas que los provocan.\u201d<\/p>\n\n<\/div>\n\n\n<div class=\"wp-block-group is-layout-constrained wp-block-group-is-layout-constrained\">\n<h4 class=\"gb-headline gb-headline-271c8a43 gb-headline-text\"><strong><strong><strong><strong><strong><strong>\u00bf<strong>Qu\u00e9 es el cambio sist\u00e9mico<\/strong>?<\/strong><\/strong><\/strong><\/strong><\/strong><\/strong><\/h4>\n\n\n\n<p>El cambio sist\u00e9mico implica modificar las estructuras profundas de un sistema: desde las leyes y pol\u00edticas hasta las normas culturales, los incentivos o las relaciones de poder que lo mantienen.<br>A diferencia de las soluciones tradicionales, que se centran en atender una necesidad concreta, el cambio sist\u00e9mico busca que el propio sistema <strong>genere resultados m\u00e1s justos y sostenibles por s\u00ed mismo<\/strong>.<br><br>Como explica <strong>Rosa Ricucci<\/strong>, directora de Conocimiento e Impacto de <strong>Ashoka Espa\u00f1a<\/strong>, <em>\u201cno se trata solo de ayudar a quien tiene un problema, sino de evitar que ese problema se repita. El cambio sist\u00e9mico transforma las reglas, las decisiones y, sobre todo, las mentalidades que sostienen una injusticia\u201d<\/em>.<\/p>\n\n\n\n<p>En esa misma l\u00ednea, <strong>Liliana Arroyo<\/strong>, profesora de <strong>Esade<\/strong>, lo define como <em>\u201cun proceso de transformaci\u00f3n profunda que act\u00faa sobre las causas estructurales y requiere una visi\u00f3n compartida, aprendizaje continuo y un horizonte a largo plazo\u201d<\/em>.<\/p>\n\n\n\n<p>Desde la perspectiva de <strong>Guillermo Ricarte<\/strong>, director general de <strong>Fundaci\u00f3n Ship2B<\/strong>, <em><em>\u201c<\/em>el cambio sist\u00e9mico es aquel proceso que busca modificar un sistema que est\u00e1 generando un efecto negativo \u2014como la exclusi\u00f3n o la degradaci\u00f3n ambiental\u2014 para que deje de producir ese efecto\u201d<\/em>.<\/p>\n<\/div>\n\n\n\n<div class=\"wp-block-group is-layout-constrained wp-block-group-is-layout-constrained\">\n<div style=\"height:30px\" aria-hidden=\"true\" class=\"wp-block-spacer\"><\/div>\n<\/div>\n\n\n\n<div class=\"wp-block-group is-layout-constrained wp-block-group-is-layout-constrained\">\n<h4 class=\"gb-headline gb-headline-23b01480 gb-headline-text\"><strong><strong><strong><strong><strong><strong>De la econom\u00eda de impacto al cambio sist\u00e9mico<\/strong><\/strong><\/strong><\/strong><\/strong><\/strong><\/h4>\n\n\n\n<p>En los \u00faltimos a\u00f1os, la <strong>econom\u00eda de impacto<\/strong> ha demostrado que es posible generar beneficios sociales y medioambientales desde modelos econ\u00f3micamente sostenibles. Sin embargo, el cambio sist\u00e9mico da un paso m\u00e1s: <strong>no se trata de hacer que un proyecto funcione, sino de que cambie el entorno en el que todos operamos.<\/strong><\/p>\n\n\n\n<p><strong>Hasta ahora, la econom\u00eda de impacto se ha centrado en actuar dentro de los sistemas existentes, pero entramos en una nueva era en la que debemos empezar a redefinir las reglas del juego e impulsar verdaderos cambios sist\u00e9micos.<\/strong><\/p>\n\n\n\n<p>El paso de uno a otro no es una ruptura, sino una evoluci\u00f3n: los proyectos de impacto pueden ser los catalizadores que abran camino a transformaciones estructurales.<\/p>\n\n\n\n<p>Como se\u00f1ala <strong>Guillermo Ricarte<\/strong>, <em>\u201cmientras la econom\u00eda de impacto se ha centrado en acompa\u00f1ar proyectos y medir resultados tangibles, el cambio sist\u00e9mico requiere procesos colaborativos y estructuras de gobernanza compartida. No basta con escalar soluciones: hay que cambiar c\u00f3mo interact\u00faan los actores dentro del sistema\u201d<\/em>.<\/p>\n\n\n\n<p>Para <strong>Antonio Gonz\u00e1lez<\/strong>, CEO de <strong>Impact Hub Madrid<\/strong>, <em>\u201cel cambio sist\u00e9mico no busca arreglar los problemas creados por el modelo actual, sino cultivar sistemas vivos \u2014territorios, comunidades, organizaciones\u2014 con capacidad de evolucionar hacia mayores niveles de salud econ\u00f3mica, social y ambiental\u201d<\/em>.<\/p>\n\n\n\n<div style=\"height:30px\" aria-hidden=\"true\" class=\"wp-block-spacer\"><\/div>\n<\/div>\n\n\n<div class=\"gb-container gb-container-37256f35\">\n\n<p class=\"has-bondi-blue-color has-text-color has-link-color wp-elements-ebd9c1806ee7130d3ef0979d0c62ee8e\">\u201cEl cambio sist\u00e9mico no es una tarea individual: ocurre cuando m\u00faltiples actores se alinean hacia un prop\u00f3sito com\u00fan.\u201d<\/p>\n\n<\/div>\n\n\n<div class=\"wp-block-group is-layout-constrained wp-block-group-is-layout-constrained\">\n<h4 class=\"gb-headline gb-headline-fbb56102 gb-headline-text\"><strong><strong><strong><strong>\u00bf<strong style=\"font-weight: bold\">Qu\u00e9 es el cambio sist\u00e9mico en la pr\u00e1ctica<\/strong>?<\/strong><\/strong><\/strong><\/strong><\/h4>\n\n\n\n<p>El cambio sist\u00e9mico no se logra desde una sola organizaci\u00f3n ni a trav\u00e9s de un \u00fanico proyecto. Requiere pasar <strong>del impacto individual al impacto colectivo<\/strong>, de la acci\u00f3n aislada a la colaboraci\u00f3n estructural entre todos los actores del ecosistema: empresas, administraciones, entidades sociales, ciudadan\u00eda y academia.<\/p>\n\n\n\n<p>Para <strong>Guillermo Ricarte<\/strong>, <em>\u201cestos procesos no pueden impulsarse de manera individual. Son desaf\u00edos complejos que requieren soluciones complejas y colaborativas, con la participaci\u00f3n de corporaciones, startups, tercer sector y administraciones p\u00fablicas. Por eso hablamos de pasar del impacto individual al impacto colectivo\u201d<\/em>.<\/p>\n\n\n\n<p>Desde <strong>Impact Hub<\/strong>, <strong>Antonio Gonz\u00e1lez<\/strong> a\u00f1ade que <em>\u201cel cambio sist\u00e9mico ocurre cuando un ecosistema local se activa y todos sus actores \u2014empresas, instituciones, ciudadan\u00eda\u2014 empiezan a co-crear nuevas estructuras y modelos de valor. Es un proceso vivo y colectivo\u201d<\/em>.<\/p>\n\n\n\n<p>Y enn palabras de <strong>Rosa Ricucci<\/strong>, <em>\u201ccuando pasamos del impacto individual al colectivo, tambi\u00e9n cambia nuestra idea de liderazgo: ya no se trata de ser el protagonista, sino de formar parte de un sistema que aprende y evoluciona\u201d<\/em>.<\/p>\n\n\n\n<p>Durante a\u00f1os, muchas iniciativas han buscado generar impacto desde su \u00e1mbito de actuaci\u00f3n, pero hoy sabemos que <strong>los grandes retos solo pueden transformarse si sumamos esfuerzos, recursos y visiones<\/strong>. El cambio sist\u00e9mico ocurre cuando m\u00faltiples agentes alinean sus acciones hacia un mismo prop\u00f3sito y se comprometen a cambiar las reglas del sistema, no solo a mejorar sus resultados.<\/p>\n\n\n\n<p>Para lograrlo, es necesario:<\/p>\n\n\n\n<ul class=\"wp-block-list\">\n<li>&#8211; Construir <strong>alianzas intersectoriales<\/strong> s\u00f3lidas y duraderas.<\/li>\n\n\n\n<li>&#8211; Promover <strong>nuevas narrativas culturales y sociales<\/strong> que inspiren acci\u00f3n colectiva.<\/li>\n\n\n\n<li>&#8211; Dise\u00f1ar <strong>modelos de gobernanza inclusivos<\/strong>, donde las decisiones y beneficios se distribuyan de forma equitativa.<\/li>\n\n\n\n<li>&#8211; Medir los avances de manera compartida, centr\u00e1ndonos en los <strong>cambios estructurales<\/strong>, no solo en los resultados inmediatos.<br><\/li>\n<\/ul>\n\n\n\n<div style=\"height:30px\" aria-hidden=\"true\" class=\"wp-block-spacer\"><\/div>\n<\/div>\n\n\n\n<div class=\"wp-block-group is-layout-constrained wp-block-group-is-layout-constrained\">\n<h4 class=\"gb-headline gb-headline-b9bf2d43 gb-headline-text\"><strong><strong><strong><strong>Ejemplos de transformaci\u00f3n sist\u00e9mica<\/strong><\/strong><\/strong><\/strong><\/h4>\n\n\n\n<p>Los grandes cambios no ocurren de manera aislada, sino cuando diferentes actores se unen para abordar los retos desde una mirada colectiva. Este ser\u00e1 precisamente el enfoque de la <strong><a href=\"https:\/\/www.impact-forum.org\" target=\"_blank\" rel=\"noreferrer noopener\">XII edici\u00f3n del Ship2B Impact Forum 2025<\/a><\/strong>, que se celebrar\u00e1 los <strong>17 y 18 de noviembre en Barcelona<\/strong> bajo el lema <em>\u201cFrom Individual to Collective Impact\u201d<\/em>.<\/p>\n\n\n\n<p>El evento contar\u00e1 con el <strong>Innovation Showtime<\/strong> \u2014sesi\u00f3n abierta v\u00eda <a href=\"https:\/\/share-eu1.hsforms.com\/1IWZvtdUCSWKyzqfv_9bLiQf3sxg\"><em>streaming<\/em><\/a>\u2014, una gala de inspiraci\u00f3n con ponentes nacionales e internacionales que invitan a ampliar la mirada, explorar el cruce entre filantrop\u00eda e inversi\u00f3n de impacto y conocer casos de \u00e9xito que demuestran que otro futuro de cambio sist\u00e9mico ya es posible.<\/p>\n\n\n\n<p>A continuaci\u00f3n, se presentan algunos <strong>ejemplos de transformaci\u00f3n real<\/strong> que muestran c\u00f3mo distintos actores est\u00e1n generando impacto estructural en sus sectores y comunidades:<\/p>\n\n\n\n<p><em>\u201cEl caso de <strong><a href=\"https:\/\/www.tutecho.es\/\">Tutecho<\/a><\/strong> es emblem\u00e1tico para nosotros. El problema es el sinhogarismo en Espa\u00f1a y el sistema a cambiar es el acceso a la vivienda para las rentas muy bajas. El proyecto construye un engranaje complejo que incluye a empresas, ONG y una socimi para la compra de pisos, logrando un modelo sostenible donde las personas sin hogar acceden a una vivienda digna, pagan un alquiler y tienen la oportunidad de reinsertarse en la sociedad.\u201d<\/em> \u2014 <strong>Guillermo Ricarte<\/strong>, Fundaci\u00f3n Ship2B<\/p>\n\n\n\n<blockquote class=\"wp-block-quote is-layout-flow wp-block-quote-is-layout-flow\">\n<p><em>\u201c<strong>Communa<\/strong>, en Bruselas, transforma edificios vac\u00edos en espacios de vivienda temporal y vida comunitaria. Pero su verdadero impacto es que est\u00e1 cambiando la forma en que entendemos el uso social del espacio y la propiedad urbana. Es una soluci\u00f3n concreta que est\u00e1 reescribiendo las reglas del juego en la gesti\u00f3n del espacio urbano como bien com\u00fan.\u201d<\/em> \u2014 <strong>Rosa Ricucci<\/strong>, Ashoka Espa\u00f1a<\/p>\n<\/blockquote>\n\n\n\n<p><em>\u201c<strong><a href=\"https:\/\/www.regen.melbourne\/\">Regen Melbourne<\/a><\/strong> articul\u00f3 una visi\u00f3n colectiva para transformar el sistema econ\u00f3mico de la ciudad hacia un modelo regenerativo, adaptando el marco del Donut al contexto local y creando una plataforma digital participativa para medir y guiar el progreso hacia esa meta. Moviliz\u00f3 a m\u00e1s de 200 organizaciones hacia una nueva forma de entender la prosperidad.\u201d<\/em> \u2014 <strong>Liliana Arroyo<\/strong>, Esade<\/p>\n\n\n\n<div style=\"height:30px\" aria-hidden=\"true\" class=\"wp-block-spacer\"><\/div>\n<\/div>\n\n\n\n<div class=\"wp-block-group is-layout-constrained wp-block-group-is-layout-constrained\">\n<h4 class=\"gb-headline gb-headline-30a5ca5e gb-headline-text\"><strong><strong><strong>El papel de las fundaciones en el cambio sist\u00e9mico<\/strong><\/strong><\/strong><\/h4>\n\n\n\n<p>Las fundaciones tienen un papel clave en la construcci\u00f3n de un cambio sist\u00e9mico: pueden <strong>conectar actores, generar confianza y movilizar recursos a largo plazo<\/strong> para impulsar transformaciones colectivas.<\/p>\n\n\n\n<p><em>\u201cCada vez que un <strong><a href=\"https:\/\/impacthub.net\/\">Impact Hub<\/a><\/strong> se establece en un lugar del mundo desde el impulso de un grupo de emprendedores locales, se inicia una transformaci\u00f3n de ese ecosistema, diferente a cualquier otro, enlazando la esencia local con los retos del territorio para llevar su potencial a otro nivel. Las circunstancias cambian, la transformaci\u00f3n tambi\u00e9n, pero los principios, capacidades y estructuras necesarias para inspirar, conectar y habilitar ecosistemas los conocemos bien. Esto mismo lo estamos aplicando hoy en proyectos para el sector p\u00fablico y privado, como en Lleida, Andaluc\u00eda, Galicia o Le\u00f3n.\u201d<\/em> \u2014 <strong>Antonio Gonz\u00e1lez<\/strong>, Impact Hub Madrid<\/p>\n\n\n\n<p>En la <strong>Fundaci\u00f3n Ship2B<\/strong>, esta mirada se refleja en nuestro compromiso con uno de los grandes retos sociales actuales: <strong>la soledad no deseada de las personas mayores<\/strong>. M\u00e1s all\u00e1 de un problema asistencial, se trata de <strong>un fallo estructural<\/strong> en los sistemas de cuidado, vivienda y comunidad que requiere soluciones coordinadas. Adem\u00e1s, tambi\u00e9n hemos transformado el Ship2B Impact Forum hacia un evento de acci\u00f3n real. De la mano de Change4Legacy y con el apoyo de Ashoka Espa\u00f1a, Impact Hub y Ship2B Ventures, este a\u00f1o lanzamos el <strong>Systemic Summit<\/strong>, un espacio de acci\u00f3n conjunta donde l\u00edderes del \u00e1mbito empresarial, social, institucional y acad\u00e9mico para trabajar de forma colaborativa en <strong>10 grandes retos sist\u00e9micos<\/strong> que han sido promovidos por diferentes entidades:<\/p>\n\n\n\n<ol class=\"wp-block-list\">\n<li><strong>Soledad no deseada<\/strong> en personas mayores (Fundaci\u00f3n Ship2B, CaixaBank, Fundaci\u00f3n &#8220;La Caixa&#8221;)<\/li>\n\n\n\n<li><strong>Infancia y violencia<\/strong> (Educo y Ship2B Ventures)<\/li>\n\n\n\n<li><strong>Vivienda asequible<\/strong> (Ship2B Ventures y Change4Legacy)<\/li>\n\n\n\n<li><strong>Capital natural<\/strong> (Fundaci\u00f3n Repsol)<\/li>\n\n\n\n<li><strong>Soledad digital<\/strong> en adolescentes (Esade)<\/li>\n\n\n\n<li><strong>Alimentaci\u00f3n sostenible<\/strong> (Fundaci\u00f3n Daniel y Nina Carasso)<\/li>\n\n\n\n<li><strong>Recursos h\u00eddricos<\/strong> (Aig\u00fces de Barcelona e Impact Hub)<\/li>\n\n\n\n<li><strong>Cr\u00e9ditos clim\u00e1ticos forestales<\/strong> (Generalitat de Catalunya)<\/li>\n\n\n\n<li><strong>Biopol\u00edgonos <\/strong>(Generalitat de Catalunya)<\/li>\n\n\n\n<li><strong>Viviendas conectadas<\/strong> (Generalitat de Catalunya)<\/li>\n<\/ol>\n\n\n\n<p><\/p>\n\n\n\n<p>Durante el encuentro, los participantes analizar\u00e1n las causas estructurales de estos desaf\u00edos y co-crear\u00e1n soluciones colectivas que puedan escalar y generar transformaciones reales en el sistema.<\/p>\n\n\n\n<p>Estos espacios de reflexi\u00f3n y acci\u00f3n son el reflejo de lo que significa el <strong>cambio sist\u00e9mico<\/strong>: unir esfuerzos, compartir conocimiento y actuar conjuntamente para cambiar las reglas del juego. En esta l\u00ednea, <strong>cada vez m\u00e1s empresas, organizaciones y movimientos est\u00e1n demostrando que el cambio sist\u00e9mico es posible<\/strong>. <\/p>\n\n\n\n<div style=\"height:30px\" aria-hidden=\"true\" class=\"wp-block-spacer\"><\/div>\n<\/div>\n\n\n<div class=\"gb-container gb-container-748e6653\">\n\n<p class=\"has-bondi-blue-color has-text-color has-link-color wp-elements-93f79d11495f2b9ae2de109331774234\">\u201cEl cambio sist\u00e9mico no es una tendencia: es la \u00fanica v\u00eda para que los problemas dejen de repetirse.\u201d<\/p>\n\n<\/div>\n\n\n<div class=\"wp-block-group is-layout-constrained wp-block-group-is-layout-constrained\">\n<h4 class=\"gb-headline gb-headline-b100812d gb-headline-text\"><strong>Un cierre con mirada de futuro<\/strong><\/h4>\n\n\n\n<p>El cambio sist\u00e9mico no es una moda ni un concepto te\u00f3rico: es una necesidad.<br>Si queremos que los retos globales dejen de reproducirse, debemos pasar de solucionar problemas a redise\u00f1ar los sistemas que los generan.<br>Como dir\u00eda cualquier agente de cambio: <strong>la pregunta no es cu\u00e1nto impacto creamos, sino cu\u00e1ntas reglas somos capaces de transformar.<\/strong><\/p>\n\n\n\n<div style=\"height:30px\" aria-hidden=\"true\" class=\"wp-block-spacer\"><\/div>\n<\/div>\n","protected":false},"excerpt":{"rendered":"<p>Comparte: Del Impacto Individual al Impacto Colectivo Qu\u00e9 es el cambio sist\u00e9mico y por qu\u00e9 es una pieza clave para afrontar los grandes retos globales son dos preguntas que cada vez nos hacemos m\u00e1s desde la econom\u00eda de impacto. Vivimos un momento en el que la crisis clim\u00e1tica, la desigualdad, el envejecimiento poblacional o los &hellip; <a href=\"https:\/\/www.ship2b.org\/en\/actualidad\/que-significa-realmente-el-cambio-sistemico\/\">Read more<\/a><\/p>\n","protected":false},"author":19,"featured_media":23453,"comment_status":"open","ping_status":"open","sticky":false,"template":"","format":"standard","meta":{"_acf_changed":false,"inline_featured_image":false,"footnotes":"","_links_to":"","_links_to_target":""},"categories":[21],"tags":[550,552,553,554,555,556,557,558,559,560],"class_list":["post-23410","post","type-post","status-publish","format-standard","has-post-thumbnail","hentry","category-ship2b","tag-cambio-sistemico-2","tag-impacto-individual","tag-impacto-colectivo","tag-impact","tag-impact-hub","tag-ashoka","tag-esade","tag-ship2b","tag-fundacion-ship2b-2","tag-impact-forum-2"],"acf":[],"yoast_head":"<title>\u00bfQu\u00e9 es el cambio sist\u00e9mico? - Ship2B Foundation<\/title>\n<meta name=\"description\" content=\"Qu\u00e9 es el cambio sist\u00e9mico y c\u00f3mo pasar del impacto individual al colectivo para transformar retos sociales y ambientales.\" \/>\n<meta name=\"robots\" content=\"index, follow, max-snippet:-1, max-image-preview:large, max-video-preview:-1\" \/>\n<link rel=\"canonical\" href=\"https:\/\/www.ship2b.org\/actualidad\/que-significa-realmente-el-cambio-sistemico\/\" \/>\n<meta property=\"og:locale\" content=\"en_US\" \/>\n<meta property=\"og:type\" content=\"article\" \/>\n<meta property=\"og:title\" content=\"\u00bfQu\u00e9 es el cambio sist\u00e9mico? - Ship2B Foundation\" \/>\n<meta property=\"og:description\" content=\"Qu\u00e9 es el cambio sist\u00e9mico y c\u00f3mo pasar del impacto individual al colectivo para transformar retos sociales y ambientales.\" \/>\n<meta property=\"og:url\" content=\"https:\/\/www.ship2b.org\/actualidad\/que-significa-realmente-el-cambio-sistemico\/\" \/>\n<meta property=\"og:site_name\" content=\"Ship2B Foundation\" \/>\n<meta property=\"article:published_time\" content=\"2025-11-06T08:58:26+00:00\" \/>\n<meta property=\"article:modified_time\" content=\"2026-03-03T14:40:04+00:00\" \/>\n<meta property=\"og:image\" content=\"https:\/\/www.ship2b.org\/wp-content\/uploads\/2025\/11\/Cambio-sistemico-Articulo-Blog-Ship2B-1.png\" \/>\n\t<meta property=\"og:image:width\" content=\"1920\" \/>\n\t<meta property=\"og:image:height\" content=\"960\" \/>\n\t<meta property=\"og:image:type\" content=\"image\/png\" \/>\n<meta name=\"author\" content=\"mireia\" \/>\n<meta name=\"twitter:card\" content=\"summary_large_image\" \/>\n<meta name=\"twitter:label1\" content=\"Written by\" \/>\n\t<meta name=\"twitter:data1\" content=\"mireia\" \/>\n\t<meta name=\"twitter:label2\" content=\"Est. reading time\" \/>\n\t<meta name=\"twitter:data2\" content=\"10 minutes\" \/>\n<script type=\"application\/ld+json\" class=\"yoast-schema-graph\">{\"@context\":\"https:\/\/schema.org\",\"@graph\":[{\"@type\":\"WebPage\",\"@id\":\"https:\/\/www.ship2b.org\/actualidad\/que-significa-realmente-el-cambio-sistemico\/\",\"url\":\"https:\/\/www.ship2b.org\/actualidad\/que-significa-realmente-el-cambio-sistemico\/\",\"name\":\"\u00bfQu\u00e9 es el cambio sist\u00e9mico? - Ship2B Foundation\",\"isPartOf\":{\"@id\":\"https:\/\/www.ship2b.org\/#website\"},\"primaryImageOfPage\":{\"@id\":\"https:\/\/www.ship2b.org\/actualidad\/que-significa-realmente-el-cambio-sistemico\/#primaryimage\"},\"image\":{\"@id\":\"https:\/\/www.ship2b.org\/actualidad\/que-significa-realmente-el-cambio-sistemico\/#primaryimage\"},\"thumbnailUrl\":\"https:\/\/www.ship2b.org\/wp-content\/uploads\/2025\/11\/Cambio-sistemico-Articulo-Blog-Ship2B-1.png\",\"datePublished\":\"2025-11-06T08:58:26+00:00\",\"dateModified\":\"2026-03-03T14:40:04+00:00\",\"author\":{\"@id\":\"https:\/\/www.ship2b.org\/#\/schema\/person\/6e3818c16f64bc5be32d6b952e908fe4\"},\"description\":\"Qu\u00e9 es el cambio sist\u00e9mico y c\u00f3mo pasar del impacto individual al colectivo para transformar retos sociales y ambientales.\",\"breadcrumb\":{\"@id\":\"https:\/\/www.ship2b.org\/actualidad\/que-significa-realmente-el-cambio-sistemico\/#breadcrumb\"},\"inLanguage\":\"en-US\",\"potentialAction\":[{\"@type\":\"ReadAction\",\"target\":[\"https:\/\/www.ship2b.org\/actualidad\/que-significa-realmente-el-cambio-sistemico\/\"]}]},{\"@type\":\"ImageObject\",\"inLanguage\":\"en-US\",\"@id\":\"https:\/\/www.ship2b.org\/actualidad\/que-significa-realmente-el-cambio-sistemico\/#primaryimage\",\"url\":\"https:\/\/www.ship2b.org\/wp-content\/uploads\/2025\/11\/Cambio-sistemico-Articulo-Blog-Ship2B-1.png\",\"contentUrl\":\"https:\/\/www.ship2b.org\/wp-content\/uploads\/2025\/11\/Cambio-sistemico-Articulo-Blog-Ship2B-1.png\",\"width\":1920,\"height\":960},{\"@type\":\"BreadcrumbList\",\"@id\":\"https:\/\/www.ship2b.org\/actualidad\/que-significa-realmente-el-cambio-sistemico\/#breadcrumb\",\"itemListElement\":[{\"@type\":\"ListItem\",\"position\":1,\"name\":\"Portada\",\"item\":\"https:\/\/www.ship2b.org\/en\/\"},{\"@type\":\"ListItem\",\"position\":2,\"name\":\"\u00bfQu\u00e9 es el cambio sist\u00e9mico?\"}]},{\"@type\":\"WebSite\",\"@id\":\"https:\/\/www.ship2b.org\/#website\",\"url\":\"https:\/\/www.ship2b.org\/\",\"name\":\"Ship2B Foundation\",\"description\":\"Adventurers for a better world\",\"potentialAction\":[{\"@type\":\"SearchAction\",\"target\":{\"@type\":\"EntryPoint\",\"urlTemplate\":\"https:\/\/www.ship2b.org\/?s={search_term_string}\"},\"query-input\":{\"@type\":\"PropertyValueSpecification\",\"valueRequired\":true,\"valueName\":\"search_term_string\"}}],\"inLanguage\":\"en-US\"},{\"@type\":\"Person\",\"@id\":\"https:\/\/www.ship2b.org\/#\/schema\/person\/6e3818c16f64bc5be32d6b952e908fe4\",\"name\":\"mireia\",\"image\":{\"@type\":\"ImageObject\",\"inLanguage\":\"en-US\",\"@id\":\"https:\/\/www.ship2b.org\/#\/schema\/person\/image\/\",\"url\":\"https:\/\/secure.gravatar.com\/avatar\/6bb53ec179840004c28a0b3e61eddaf80c475898bb3ede4315c7c6b2cbc5589f?s=96&d=mm&r=g\",\"contentUrl\":\"https:\/\/secure.gravatar.com\/avatar\/6bb53ec179840004c28a0b3e61eddaf80c475898bb3ede4315c7c6b2cbc5589f?s=96&d=mm&r=g\",\"caption\":\"mireia\"},\"url\":\"https:\/\/www.ship2b.org\/en\/actualidad\/author\/mireia\/\"}]}<\/script>","yoast_head_json":{"title":"\u00bfQu\u00e9 es el cambio sist\u00e9mico? - Ship2B Foundation","description":"Qu\u00e9 es el cambio sist\u00e9mico y c\u00f3mo pasar del impacto individual al colectivo para transformar retos sociales y ambientales.","robots":{"index":"index","follow":"follow","max-snippet":"max-snippet:-1","max-image-preview":"max-image-preview:large","max-video-preview":"max-video-preview:-1"},"canonical":"https:\/\/www.ship2b.org\/actualidad\/que-significa-realmente-el-cambio-sistemico\/","og_locale":"en_US","og_type":"article","og_title":"\u00bfQu\u00e9 es el cambio sist\u00e9mico? - Ship2B Foundation","og_description":"Qu\u00e9 es el cambio sist\u00e9mico y c\u00f3mo pasar del impacto individual al colectivo para transformar retos sociales y ambientales.","og_url":"https:\/\/www.ship2b.org\/actualidad\/que-significa-realmente-el-cambio-sistemico\/","og_site_name":"Ship2B Foundation","article_published_time":"2025-11-06T08:58:26+00:00","article_modified_time":"2026-03-03T14:40:04+00:00","og_image":[{"width":1920,"height":960,"url":"https:\/\/www.ship2b.org\/wp-content\/uploads\/2025\/11\/Cambio-sistemico-Articulo-Blog-Ship2B-1.png","type":"image\/png"}],"author":"mireia","twitter_card":"summary_large_image","twitter_misc":{"Written by":"mireia","Est. reading time":"10 minutes"},"schema":{"@context":"https:\/\/schema.org","@graph":[{"@type":"WebPage","@id":"https:\/\/www.ship2b.org\/actualidad\/que-significa-realmente-el-cambio-sistemico\/","url":"https:\/\/www.ship2b.org\/actualidad\/que-significa-realmente-el-cambio-sistemico\/","name":"\u00bfQu\u00e9 es el cambio sist\u00e9mico? - Ship2B Foundation","isPartOf":{"@id":"https:\/\/www.ship2b.org\/#website"},"primaryImageOfPage":{"@id":"https:\/\/www.ship2b.org\/actualidad\/que-significa-realmente-el-cambio-sistemico\/#primaryimage"},"image":{"@id":"https:\/\/www.ship2b.org\/actualidad\/que-significa-realmente-el-cambio-sistemico\/#primaryimage"},"thumbnailUrl":"https:\/\/www.ship2b.org\/wp-content\/uploads\/2025\/11\/Cambio-sistemico-Articulo-Blog-Ship2B-1.png","datePublished":"2025-11-06T08:58:26+00:00","dateModified":"2026-03-03T14:40:04+00:00","author":{"@id":"https:\/\/www.ship2b.org\/#\/schema\/person\/6e3818c16f64bc5be32d6b952e908fe4"},"description":"Qu\u00e9 es el cambio sist\u00e9mico y c\u00f3mo pasar del impacto individual al colectivo para transformar retos sociales y ambientales.","breadcrumb":{"@id":"https:\/\/www.ship2b.org\/actualidad\/que-significa-realmente-el-cambio-sistemico\/#breadcrumb"},"inLanguage":"en-US","potentialAction":[{"@type":"ReadAction","target":["https:\/\/www.ship2b.org\/actualidad\/que-significa-realmente-el-cambio-sistemico\/"]}]},{"@type":"ImageObject","inLanguage":"en-US","@id":"https:\/\/www.ship2b.org\/actualidad\/que-significa-realmente-el-cambio-sistemico\/#primaryimage","url":"https:\/\/www.ship2b.org\/wp-content\/uploads\/2025\/11\/Cambio-sistemico-Articulo-Blog-Ship2B-1.png","contentUrl":"https:\/\/www.ship2b.org\/wp-content\/uploads\/2025\/11\/Cambio-sistemico-Articulo-Blog-Ship2B-1.png","width":1920,"height":960},{"@type":"BreadcrumbList","@id":"https:\/\/www.ship2b.org\/actualidad\/que-significa-realmente-el-cambio-sistemico\/#breadcrumb","itemListElement":[{"@type":"ListItem","position":1,"name":"Portada","item":"https:\/\/www.ship2b.org\/en\/"},{"@type":"ListItem","position":2,"name":"\u00bfQu\u00e9 es el cambio sist\u00e9mico?"}]},{"@type":"WebSite","@id":"https:\/\/www.ship2b.org\/#website","url":"https:\/\/www.ship2b.org\/","name":"Ship2B Foundation","description":"Adventurers for a better world","potentialAction":[{"@type":"SearchAction","target":{"@type":"EntryPoint","urlTemplate":"https:\/\/www.ship2b.org\/?s={search_term_string}"},"query-input":{"@type":"PropertyValueSpecification","valueRequired":true,"valueName":"search_term_string"}}],"inLanguage":"en-US"},{"@type":"Person","@id":"https:\/\/www.ship2b.org\/#\/schema\/person\/6e3818c16f64bc5be32d6b952e908fe4","name":"mireia","image":{"@type":"ImageObject","inLanguage":"en-US","@id":"https:\/\/www.ship2b.org\/#\/schema\/person\/image\/","url":"https:\/\/secure.gravatar.com\/avatar\/6bb53ec179840004c28a0b3e61eddaf80c475898bb3ede4315c7c6b2cbc5589f?s=96&d=mm&r=g","contentUrl":"https:\/\/secure.gravatar.com\/avatar\/6bb53ec179840004c28a0b3e61eddaf80c475898bb3ede4315c7c6b2cbc5589f?s=96&d=mm&r=g","caption":"mireia"},"url":"https:\/\/www.ship2b.org\/en\/actualidad\/author\/mireia\/"}]}},"_links":{"self":[{"href":"https:\/\/www.ship2b.org\/en\/wp-json\/wp\/v2\/posts\/23410","targetHints":{"allow":["GET"]}}],"collection":[{"href":"https:\/\/www.ship2b.org\/en\/wp-json\/wp\/v2\/posts"}],"about":[{"href":"https:\/\/www.ship2b.org\/en\/wp-json\/wp\/v2\/types\/post"}],"author":[{"embeddable":true,"href":"https:\/\/www.ship2b.org\/en\/wp-json\/wp\/v2\/users\/19"}],"replies":[{"embeddable":true,"href":"https:\/\/www.ship2b.org\/en\/wp-json\/wp\/v2\/comments?post=23410"}],"version-history":[{"count":45,"href":"https:\/\/www.ship2b.org\/en\/wp-json\/wp\/v2\/posts\/23410\/revisions"}],"predecessor-version":[{"id":23969,"href":"https:\/\/www.ship2b.org\/en\/wp-json\/wp\/v2\/posts\/23410\/revisions\/23969"}],"wp:featuredmedia":[{"embeddable":true,"href":"https:\/\/www.ship2b.org\/en\/wp-json\/wp\/v2\/media\/23453"}],"wp:attachment":[{"href":"https:\/\/www.ship2b.org\/en\/wp-json\/wp\/v2\/media?parent=23410"}],"wp:term":[{"taxonomy":"category","embeddable":true,"href":"https:\/\/www.ship2b.org\/en\/wp-json\/wp\/v2\/categories?post=23410"},{"taxonomy":"post_tag","embeddable":true,"href":"https:\/\/www.ship2b.org\/en\/wp-json\/wp\/v2\/tags?post=23410"}],"curies":[{"name":"wp","href":"https:\/\/api.w.org\/{rel}","templated":true}]}}